{"id":6109,"date":"2023-09-05T20:23:44","date_gmt":"2023-09-05T23:23:44","guid":{"rendered":"https:\/\/pamec.energy\/los-lideres-de-la-conferencia-mundial-sobre-energia-marina-se-reunen-en-espana-durante-la-conferencia-ewtec\/"},"modified":"2023-09-05T20:30:31","modified_gmt":"2023-09-05T23:30:31","slug":"los-lideres-de-la-conferencia-mundial-sobre-energia-marina-se-reunen-en-espana-durante-la-conferencia-ewtec","status":"publish","type":"post","link":"https:\/\/pamec.energy\/es\/los-lideres-de-la-conferencia-mundial-sobre-energia-marina-se-reunen-en-espana-durante-la-conferencia-ewtec\/","title":{"rendered":"Los l\u00edderes de la Conferencia Mundial sobre Energ\u00eda Marina se re\u00fanen en Espa\u00f1a durante la Conferencia EWTEC"},"content":{"rendered":"\t\t<div data-elementor-type=\"wp-post\" data-elementor-id=\"6109\" class=\"elementor elementor-6109 elementor-6103\">\n\t\t\t\t<div class=\"elementor-element elementor-element-d6117fe e-flex e-con-boxed e-con e-parent\" data-id=\"d6117fe\" data-element_type=\"container\" data-e-type=\"container\">\n\t\t\t\t\t<div class=\"e-con-inner\">\n\t\t\t\t<div class=\"elementor-element elementor-element-7d20aaf elementor-widget elementor-widget-text-editor\" data-id=\"7d20aaf\" data-element_type=\"widget\" data-e-type=\"widget\" data-widget_type=\"text-editor.default\">\n\t\t\t\t<div class=\"elementor-widget-container\">\n\t\t\t\t\t\t\t\t\t<p>Los l\u00edderes de la Conferencia sobre Energ\u00eda con la Conferencia Europea sobre Energ\u00eda de las Olas y las Mareas (EWTEC), la Conferencia Panamericana sobre Energ\u00eda Marina (PAMEC) y la Conferencia Asi\u00e1tica sobre Energ\u00eda de las Olas y las Mareas (AWTEC) acordaron reforzar su colaboraci\u00f3n y cooperaci\u00f3n. Explorar\u00e1n oportunidades para apoyar la investigaci\u00f3n de los estudiantes y aumentar el intercambio de informaci\u00f3n y planificaci\u00f3n de la organizaci\u00f3n de conferencias. La reuni\u00f3n tuvo lugar durante la 15\u00aa EWTEC en Bilbao, Espa\u00f1a.<\/p>\n\t\t\t\t\t\t\t\t<\/div>\n\t\t\t\t<\/div>\n\t\t\t\t<div class=\"elementor-element elementor-element-e49e055 elementor-widget elementor-widget-image\" data-id=\"e49e055\" data-element_type=\"widget\" data-e-type=\"widget\" data-widget_type=\"image.default\">\n\t\t\t\t<div class=\"elementor-widget-container\">\n\t\t\t\t\t\t\t\t\t\t\t\t<figure class=\"wp-caption\">\n\t\t\t\t\t\t\t\t\t\t<img fetchpriority=\"high\" decoding=\"async\" width=\"2016\" height=\"1512\" src=\"https:\/\/pamec.energy\/wp-content\/uploads\/2023\/09\/image0.jpeg\" class=\"attachment-full size-full wp-image-6105\" alt=\"\" srcset=\"https:\/\/pamec.energy\/wp-content\/uploads\/2023\/09\/image0.jpeg 2016w, https:\/\/pamec.energy\/wp-content\/uploads\/2023\/09\/image0-250x188.jpeg 250w, https:\/\/pamec.energy\/wp-content\/uploads\/2023\/09\/image0-1024x768.jpeg 1024w, https:\/\/pamec.energy\/wp-content\/uploads\/2023\/09\/image0-768x576.jpeg 768w, https:\/\/pamec.energy\/wp-content\/uploads\/2023\/09\/image0-1536x1152.jpeg 1536w\" sizes=\"(max-width: 2016px) 100vw, 2016px\" \/>\t\t\t\t\t\t\t\t\t\t\t<figcaption class=\"widget-image-caption wp-caption-text\">Pictured from right to left: Jo Churl (AWTEC), Bruce Cameron (PAMEC), Cameron Johnstone (EWTEC), Andrea Copping (PAMEC), Jiahn-Horng Chen (AWTEC) and A.S Bahaj (EWTEC)<\/figcaption>\n\t\t\t\t\t\t\t\t\t\t<\/figure>\n\t\t\t\t\t\t\t\t\t<\/div>\n\t\t\t\t<\/div>\n\t\t\t\t\t<\/div>\n\t\t\t\t<\/div>\n\t\t<div class=\"elementor-element elementor-element-22b51bc e-flex e-con-boxed e-con e-parent\" data-id=\"22b51bc\" data-element_type=\"container\" data-e-type=\"container\">\n\t\t\t\t\t<div class=\"e-con-inner\">\n\t\t\t\t\t<\/div>\n\t\t\t\t<\/div>\n\t\t\t\t<\/div>\n\t\t","protected":false},"excerpt":{"rendered":"<p>Los l\u00edderes de la Conferencia sobre Energ\u00eda con la Conferencia Europea sobre Energ\u00eda de las Olas y las Mareas (EWTEC), la Conferencia Panamericana sobre Energ\u00eda Marina (PAMEC) y la Conferencia Asi\u00e1tica sobre Energ\u00eda de las Olas y las Mareas (AWTEC) acordaron reforzar su colaboraci\u00f3n y cooperaci\u00f3n. Explorar\u00e1n oportunidades para apoyar la investigaci\u00f3n de los estudiantes y aumentar el intercambio de informaci\u00f3n y planificaci\u00f3n de la organizaci\u00f3n de conferencias. La reuni\u00f3n tuvo lugar durante la 15\u00aa EWTEC en Bilbao, Espa\u00f1a.<\/p>\n","protected":false},"author":3,"featured_media":0,"comment_status":"closed","ping_status":"open","sticky":false,"template":"","format":"standard","meta":{"generate_page_header":"","footnotes":""},"categories":[22],"tags":[],"class_list":["post-6109","post","type-post","status-publish","format-standard","hentry","category-ultimas-noticias"],"_links":{"self":[{"href":"https:\/\/pamec.energy\/es\/wp-json\/wp\/v2\/posts\/6109","targetHints":{"allow":["GET"]}}],"collection":[{"href":"https:\/\/pamec.energy\/es\/wp-json\/wp\/v2\/posts"}],"about":[{"href":"https:\/\/pamec.energy\/es\/wp-json\/wp\/v2\/types\/post"}],"author":[{"embeddable":true,"href":"https:\/\/pamec.energy\/es\/wp-json\/wp\/v2\/users\/3"}],"replies":[{"embeddable":true,"href":"https:\/\/pamec.energy\/es\/wp-json\/wp\/v2\/comments?post=6109"}],"version-history":[{"count":2,"href":"https:\/\/pamec.energy\/es\/wp-json\/wp\/v2\/posts\/6109\/revisions"}],"predecessor-version":[{"id":6111,"href":"https:\/\/pamec.energy\/es\/wp-json\/wp\/v2\/posts\/6109\/revisions\/6111"}],"wp:attachment":[{"href":"https:\/\/pamec.energy\/es\/wp-json\/wp\/v2\/media?parent=6109"}],"wp:term":[{"taxonomy":"category","embeddable":true,"href":"https:\/\/pamec.energy\/es\/wp-json\/wp\/v2\/categories?post=6109"},{"taxonomy":"post_tag","embeddable":true,"href":"https:\/\/pamec.energy\/es\/wp-json\/wp\/v2\/tags?post=6109"}],"curies":[{"name":"wp","href":"https:\/\/api.w.org\/{rel}","templated":true}]}}